{"id":9185,"date":"2015-10-22T07:59:01","date_gmt":"2015-10-22T05:59:01","guid":{"rendered":"https:\/\/mieux-se-connaitre.com\/wp4\/?p=9185"},"modified":"2015-10-20T17:32:43","modified_gmt":"2015-10-20T15:32:43","slug":"premier-salon-des-independants","status":"publish","type":"post","link":"https:\/\/mieux-se-connaitre.com\/wp4\/2015\/10\/premier-salon-des-independants\/","title":{"rendered":"Premier Salon des Ind\u00e9pendants"},"content":{"rendered":"<!-- google_ad_section_start --><div id=\"attachment_9186\" style=\"width: 208px\" class=\"wp-caption alignleft\"><a href=\"https:\/\/mieux-se-connaitre.com\/wp4\/wp-content\/uploads\/2015\/10\/CD13_072.jpg\"><img aria-describedby=\"caption-attachment-9186\" loading=\"lazy\" class=\"size-medium wp-image-9186\" src=\"https:\/\/mieux-se-connaitre.com\/wp4\/wp-content\/uploads\/2015\/10\/CD13_072-198x300.jpg\" alt=\"Odilon Redon\" width=\"198\" height=\"300\" srcset=\"https:\/\/mieux-se-connaitre.com\/wp4\/wp-content\/uploads\/2015\/10\/CD13_072-198x300.jpg 198w, https:\/\/mieux-se-connaitre.com\/wp4\/wp-content\/uploads\/2015\/10\/CD13_072-99x150.jpg 99w, https:\/\/mieux-se-connaitre.com\/wp4\/wp-content\/uploads\/2015\/10\/CD13_072-300x456.jpg 300w, https:\/\/mieux-se-connaitre.com\/wp4\/wp-content\/uploads\/2015\/10\/CD13_072.jpg 316w\" sizes=\"(max-width: 198px) 100vw, 198px\" \/><\/a><p id=\"caption-attachment-9186\" class=\"wp-caption-text\">Odilon Redon<\/p><\/div>\n<p><span style=\"color: #800000;\"><strong>L&#8217;expression vivante des courants modernes<\/strong><\/span><br \/>\nLe jury du Salon de 1884 s&#8217;est montr\u00e9 une nouvelle fois hostile \u00e0 la nouvelle peinture. Quelques artistes courageux, emmen\u00e9s par Signac et Seurat d\u00e9cident alors de cr\u00e9er un salon libre. Une exposition libre ! C&#8217;est la ru\u00e9e, mais aussi une d\u00e9ception.<br \/>\nLe jour du vernissage, la toile de Signac n&#8217;est m\u00eame pas accroch\u00e9e ! Emus par la situation qu&#8217;ils jugent scandaleuse, quarante exposants r\u00e9agissent et sous la pr\u00e9sidence de Odilon Redon cr\u00e9ent la Soci\u00e9t\u00e9 des Artistes Ind\u00e9pendants (4 juin 1884).<br \/>\nLeur premi\u00e8re exposition, soutenue par la ville de Paris, sera inaugur\u00e9e le 10 d\u00e9cembre 1884.<br \/>\nLe Salon des Ind\u00e9pendants deviendra l&#8217;expression vivante des courants modernes : n\u00e9o-impressionnistes, symbolistes, nabis, fauves et en 1908 les <em><a href=\"https:\/\/mieux-se-connaitre.com\/wp4\/2013\/10\/le-cubisme\/\">bizarreries cubistes<\/a><\/em> de Braque.<!--more--><br \/>\n<span style=\"color: #800000;\"><strong>Redon Odilon, peintre fran\u00e7ais<\/strong> <\/span><br \/>\n1840 (Bordeaux) &#8211; 1914 (Paris)<br \/>\nIssu d&#8217;une famille bourgeoise bordelaise, Odilon Redon doit son inspiration aux premi\u00e8res impressions d&#8217;une enfance fragile, livr\u00e9e \u00e0 elle-m\u00eame dans le domaine de Peyrelebade. Il est initi\u00e9 au dessin par Gorin, \u00e9l\u00e8ve d&#8217;Isabey, qui lui apprend \u00e0 admirer Corot, Delacroix et surtout Gustave Moreau.<br \/>\nH\u00e9sitant encore sur sa vocation, le jeune Redon entre dans l&#8217;atelier de G\u00e9r\u00f4me. Une exp\u00e9rience catastrophique, heureusement compens\u00e9e par la rencontre d\u00e9cisive avec Bresdin, qui l&#8217;oriente vers un art libre -aussi \u00e9loign\u00e9 du naturalisme que des conventions officielles-, et lui fait d\u00e9couvrir la lithographie.<br \/>\nRedon produit alors d&#8217;admirables fusains et lithographies, &#8220;Les Noirs&#8221;.<br \/>\nIl illustre Flaubert, Edgar Poe, Baudelaire.<br \/>\nCofondateur du Salon des Ind\u00e9pendants, il participe aussi \u00e0 la derni\u00e8re exposition impressionniste en 1886.<br \/>\nIl d\u00e9couvre quelques ann\u00e9es plus tard la couleur par le truchement du pastel : fleurs, portraits, jeunes filles, sujets religieux deviennent alors les mod\u00e8les de sa vie d&#8217;artiste reconnu.<br \/>\nL&#8217;exposition chez Durand-Ruel, le c\u00e9l\u00e8bre banquet en l&#8217;honneur de Jean Moreas et des symbolistes, auquel il participe, lui apportent la notori\u00e9t\u00e9. M\u00eame Gauguin, le difficile, l&#8217;admire.<br \/>\nLes peintres de la jeune g\u00e9n\u00e9ration, comme Bonnard, Vuillard, Signac, lui rendent hommage.<br \/>\nAujourd&#8217;hui son art de visionnaire qui tendait d\u00e9j\u00e0 \u00e0 une certaine abstraction en fait un pr\u00e9curseur aussi bien pour les fauves que pour Marcel Duchamp et les surr\u00e9alistes.<br \/>\n<em>Un tableau n&#8217;enseigne rien, il attire, il surprend, il exalte, il m\u00e8ne insensiblement et par amour au besoin de vivre avec le beau<\/em>. -Odilon Redon-<\/p>\n<p>1872-80 : fusains, Le destin, La folie, Le prisonnier \u00e0 la loupe<br \/>\n1879 : Dans le r\u00eave, premier album lithographique<\/p>\n<p>1880: <a href=\"https:\/\/mieux-se-connaitre.com\/wp4\/2011\/01\/le-yeux-clos-dodilon-redon\/\"><em>Les Yeux clos<\/em><\/a><br \/>\n1883 : Les origines<br \/>\n1883 : illustration de L&#8217;Apocalypse de Saint-Jean<br \/>\n1884 : cofondateur du Salon des Ind\u00e9pendants, Vision sous-marine, pastel<br \/>\n1885 : Hommage \u00e0 Goya<br \/>\n1886 : <em>La nuit<\/em><br \/>\n1888-89 : illustration de La tentation de saint Antoine -Flaubert-<br \/>\n1889 et 1894\u00a0 : exposition chez Durand-Ruel<br \/>\n1890 : illustration des Fleurs du mal<br \/>\n1898 : exposition chez Vollard avec les peintres graveurs<\/p>\n<p>1900-1903: <em><a href=\"https:\/\/mieux-se-connaitre.com\/wp4\/2011\/02\/la-fuite-en-egypte-dodilon-redon\/\">La Fuite en Egypte<\/a><\/em><br \/>\n1922 : publication de son journal intime, A soi-m\u00eame<\/p>\n<!-- google_ad_section_end -->","protected":false},"excerpt":{"rendered":"<!-- google_ad_section_start --><p>L&#8217;expression vivante des courants modernes Le jury du Salon de 1884 s&#8217;est montr\u00e9 une nouvelle fois hostile \u00e0 la nouvelle peinture. Quelques artistes courageux, emmen\u00e9s par Signac et Seurat d\u00e9cident alors de cr\u00e9er un salon libre. Une exposition libre !&hellip;<\/p>\n<p class=\"more-link-p\"><a class=\"more-link\" href=\"https:\/\/mieux-se-connaitre.com\/wp4\/2015\/10\/premier-salon-des-independants\/\">Suite &rarr;<\/a><\/p>\n<!-- google_ad_section_end -->","protected":false},"author":1,"featured_media":0,"comment_status":"open","ping_status":"open","sticky":false,"template":"","format":"standard","meta":[],"categories":[158,7],"tags":[],"_links":{"self":[{"href":"https:\/\/mieux-se-connaitre.com\/wp4\/wp-json\/wp\/v2\/posts\/9185"}],"collection":[{"href":"https:\/\/mieux-se-connaitre.com\/wp4\/wp-json\/wp\/v2\/posts"}],"about":[{"href":"https:\/\/mieux-se-connaitre.com\/wp4\/wp-json\/wp\/v2\/types\/post"}],"author":[{"embeddable":true,"href":"https:\/\/mieux-se-connaitre.com\/wp4\/wp-json\/wp\/v2\/users\/1"}],"replies":[{"embeddable":true,"href":"https:\/\/mieux-se-connaitre.com\/wp4\/wp-json\/wp\/v2\/comments?post=9185"}],"version-history":[{"count":1,"href":"https:\/\/mieux-se-connaitre.com\/wp4\/wp-json\/wp\/v2\/posts\/9185\/revisions"}],"predecessor-version":[{"id":9187,"href":"https:\/\/mieux-se-connaitre.com\/wp4\/wp-json\/wp\/v2\/posts\/9185\/revisions\/9187"}],"wp:attachment":[{"href":"https:\/\/mieux-se-connaitre.com\/wp4\/wp-json\/wp\/v2\/media?parent=9185"}],"wp:term":[{"taxonomy":"category","embeddable":true,"href":"https:\/\/mieux-se-connaitre.com\/wp4\/wp-json\/wp\/v2\/categories?post=9185"},{"taxonomy":"post_tag","embeddable":true,"href":"https:\/\/mieux-se-connaitre.com\/wp4\/wp-json\/wp\/v2\/tags?post=9185"}],"curies":[{"name":"wp","href":"https:\/\/api.w.org\/{rel}","templated":true}]}}