{"id":9326,"date":"2016-01-14T08:00:17","date_gmt":"2016-01-14T06:00:17","guid":{"rendered":"https:\/\/mieux-se-connaitre.com\/wp4\/?p=9326"},"modified":"2020-07-01T14:22:59","modified_gmt":"2020-07-01T12:22:59","slug":"cetait-en-1865","status":"publish","type":"post","link":"https:\/\/mieux-se-connaitre.com\/wp4\/2016\/01\/cetait-en-1865\/","title":{"rendered":"C&#8217;\u00e9tait en 1865"},"content":{"rendered":"<!-- google_ad_section_start --><div id=\"attachment_9327\" style=\"width: 310px\" class=\"wp-caption alignleft\"><a href=\"https:\/\/mieux-se-connaitre.com\/wp4\/wp-content\/uploads\/2016\/01\/EVT146_1.jpg\"><img aria-describedby=\"caption-attachment-9327\" loading=\"lazy\" class=\"wp-image-9327 size-medium\" src=\"https:\/\/mieux-se-connaitre.com\/wp4\/wp-content\/uploads\/2016\/01\/EVT146_1-300x225.jpg\" alt=\"1865\" width=\"300\" height=\"225\" srcset=\"https:\/\/mieux-se-connaitre.com\/wp4\/wp-content\/uploads\/2016\/01\/EVT146_1-300x225.jpg 300w, https:\/\/mieux-se-connaitre.com\/wp4\/wp-content\/uploads\/2016\/01\/EVT146_1-150x113.jpg 150w, https:\/\/mieux-se-connaitre.com\/wp4\/wp-content\/uploads\/2016\/01\/EVT146_1-600x450.jpg 600w, https:\/\/mieux-se-connaitre.com\/wp4\/wp-content\/uploads\/2016\/01\/EVT146_1.jpg 640w\" sizes=\"(max-width: 300px) 100vw, 300px\" \/><\/a><p id=\"caption-attachment-9327\" class=\"wp-caption-text\">Abolition de l&#8217;esclavage<\/p><\/div>\n<h2><span style=\"color: #800000;\">L&#8217;ann\u00e9e 1865 venait de s&#8217;achever<\/span><\/h2>\n<p>Pour r\u00e9aliser le <em>Passage des date<\/em> du Mus\u00e9e d&#8217;Orsay puis le CD-Rom <em><a href=\"https:\/\/www.idphines.com\/category\/realisations\/encyclo\/\">1848-1914 Toute une histoire!<\/a>, <\/em>l&#8217;historienne Madeleine Reb\u00e9rioux, la conservateur Chantal Georgel, et moi-m\u00eame avons s\u00e9lectionn\u00e9 neuf \u00e0 douze dates clefs pour chaque ann\u00e9e dans les domaines politique, social, artistique, scientifique et technique, comme \u00e9tant celles qui ont marqu\u00e9 l&#8217;\u00e9volution de la soci\u00e9t\u00e9.<\/p>\n<p>Les crit\u00e8res de choix n&#8217;\u00e9taient pas forc\u00e9ment le retentissement m\u00e9diatique de l&#8217;\u00e9v\u00e9nement. Ils ne l&#8217;\u00e9taient que si ce retentissement \u00e9tait une lame de fond et non une bulle de savon (j&#8217;ai \u00e9t\u00e9 frapp\u00e9e de voir \u00e0 quel point la une des journaux relatait rarement un \u00e9v\u00e9nement retenu par l&#8217;histoire).<\/p>\n<p>Nous s\u00e9lectionnions les \u00e9v\u00e9nements qui avaient \u00e9t\u00e9 le moteur de changements profonds de soci\u00e9t\u00e9 (mode de vie, modes de pens\u00e9e, \u00e9chiquier g\u00e9opolitique).<\/p>\n<p style=\"text-align: left;\">En regardant attentivement les \u00e9v\u00e9nements qui se sont d\u00e9roul\u00e9s il y a 150 ans, s\u00e9lectionnez les neuf \u00e0 douze \u00e9v\u00e9nements que vous retiendriez pour l&#8217;ann\u00e9e derni\u00e8re (en les r\u00e9partissant \u00e9quitablement entre les quatre th\u00e8mes cit\u00e9s ci-dessus). Bien \u00e9videmment vous n&#8217;avez pas le recul historique, vous pourrez revoir votre choix dans une centaine d&#8217;ann\u00e9es!<\/p>\n<h2 style=\"text-align: center;\"><span style=\"color: #800000;\">1865<\/span><\/h2>\n<p>Le sculpteur Barye c\u00e9l\u00e8bre la l\u00e9gende napol\u00e9onienne avec <a href=\"https:\/\/mieux-se-connaitre.com\/wp4\/2013\/02\/rochefort-et-la-lanterne\/\"><em>Napol\u00e9on et ses fr\u00e8res \u00e0 Ajaccio<\/em><\/a>.<\/p>\n<p>Le premier volume du <a href=\"https:\/\/mieux-se-connaitre.com\/wp4\/2010\/01\/identite-nationale-et-droit-des-peuples-a-disposer-deux-memes\/\">dictionnaire Larousse<\/a> vient de para\u00eetre. Son ach\u00e8vement demandera une vie de travail.<\/p>\n<div id=\"attachment_8529\" style=\"width: 310px\" class=\"wp-caption alignleft\"><a href=\"https:\/\/mieux-se-connaitre.com\/wp4\/wp-content\/uploads\/2014\/01\/EVT146_2.jpg\"><img aria-describedby=\"caption-attachment-8529\" loading=\"lazy\" class=\"size-medium wp-image-8529\" src=\"https:\/\/mieux-se-connaitre.com\/wp4\/wp-content\/uploads\/2014\/01\/EVT146_2-300x225.jpg\" alt=\"esclavage\" width=\"300\" height=\"225\" srcset=\"https:\/\/mieux-se-connaitre.com\/wp4\/wp-content\/uploads\/2014\/01\/EVT146_2-300x225.jpg 300w, https:\/\/mieux-se-connaitre.com\/wp4\/wp-content\/uploads\/2014\/01\/EVT146_2-150x112.jpg 150w, https:\/\/mieux-se-connaitre.com\/wp4\/wp-content\/uploads\/2014\/01\/EVT146_2.jpg 640w\" sizes=\"(max-width: 300px) 100vw, 300px\" \/><\/a><p id=\"caption-attachment-8529\" class=\"wp-caption-text\">vente d&#8217;esclaves aux Etats-Unis<\/p><\/div>\n<p>Aux \u00c9tats-Unis, L&#8217;<a href=\"https:\/\/mieux-se-connaitre.com\/wp4\/2013\/02\/rochefort-et-la-lanterne\/\">assassinat de Lincoln<\/a> n&#8217;emp\u00eache pas l&#8217;<a href=\"https:\/\/mieux-se-connaitre.com\/wp4\/2011\/06\/labolition-de-lesclavage-et-du-servage-2\/\">abolition de l&#8217;esclavage<\/a>.<\/p>\n<p><a href=\"https:\/\/mieux-se-connaitre.com\/wp4\/2010\/11\/les-reformateurs-sociaux\/\">Mort de Proudhon<\/a>.<\/p>\n<p><a href=\"https:\/\/mieux-se-connaitre.com\/wp4\/2011\/04\/olympia-dedouard-manet\/\"><em>L&#8217;Olympia<\/em><\/a> de Manet fait scandale, Tolsto\u00ef a achev\u00e9 <em>Guerre et Paix <\/em>et Lewis Carroll publie <em>Alice au pays des merveilles<\/em>&#8230; qui fait merveille.<\/p>\n<p><a href=\"https:\/\/mieux-se-connaitre.com\/wp4\/2014\/06\/pasteur-invente-les-biotechnologies\/\">Lister<\/a>, dans le sillage de Pasteur, m\u00e8ne \u00e0 bonne fin le syst\u00e8me antiseptique alors que le <a href=\"https:\/\/mieux-se-connaitre.com\/wp4\/2011\/08\/fleaux-et-catastrophes-au-xixe-siecle\/\">phyllox\u00e9ra<\/a> commence \u00e0 faire des ravages sur le vignes fran\u00e7aises.<\/p>\n<p><a href=\"https:\/\/mieux-se-connaitre.com\/wp4\/2013\/08\/la-lumiere-vibration-ou-pas-vibration\/\">Maxwell<\/a> introduit la notion de champ \u00e9lectromagn\u00e9tique,<\/p>\n<p>Mendel \u00e9tablit les <a href=\"https:\/\/mieux-se-connaitre.com\/wp4\/2009\/11\/les-petits-pois-de-mendel\/\">lois de l&#8217;h\u00e9r\u00e9dit\u00e9<\/a><\/p>\n<p>Claude Bernard publie l&#8217;<a href=\"https:\/\/mieux-se-connaitre.com\/wp4\/2015\/07\/claude-bernard-et-la-methode-experimentale\/\">introduction \u00e0 l&#8217;\u00e9tude de la m\u00e9decine exp\u00e9rimentale.<\/a><\/p>\n<!-- google_ad_section_end -->","protected":false},"excerpt":{"rendered":"<!-- google_ad_section_start --><p>L&#8217;ann\u00e9e 1865 venait de s&#8217;achever Pour r\u00e9aliser le Passage des date du Mus\u00e9e d&#8217;Orsay puis le CD-Rom 1848-1914 Toute une histoire!, l&#8217;historienne Madeleine Reb\u00e9rioux, la conservateur Chantal Georgel, et moi-m\u00eame avons s\u00e9lectionn\u00e9 neuf \u00e0 douze dates clefs pour chaque ann\u00e9e&hellip;<\/p>\n<p class=\"more-link-p\"><a class=\"more-link\" href=\"https:\/\/mieux-se-connaitre.com\/wp4\/2016\/01\/cetait-en-1865\/\">Suite &rarr;<\/a><\/p>\n<!-- google_ad_section_end -->","protected":false},"author":1,"featured_media":0,"comment_status":"open","ping_status":"open","sticky":false,"template":"","format":"standard","meta":[],"categories":[150,1],"tags":[],"_links":{"self":[{"href":"https:\/\/mieux-se-connaitre.com\/wp4\/wp-json\/wp\/v2\/posts\/9326"}],"collection":[{"href":"https:\/\/mieux-se-connaitre.com\/wp4\/wp-json\/wp\/v2\/posts"}],"about":[{"href":"https:\/\/mieux-se-connaitre.com\/wp4\/wp-json\/wp\/v2\/types\/post"}],"author":[{"embeddable":true,"href":"https:\/\/mieux-se-connaitre.com\/wp4\/wp-json\/wp\/v2\/users\/1"}],"replies":[{"embeddable":true,"href":"https:\/\/mieux-se-connaitre.com\/wp4\/wp-json\/wp\/v2\/comments?post=9326"}],"version-history":[{"count":6,"href":"https:\/\/mieux-se-connaitre.com\/wp4\/wp-json\/wp\/v2\/posts\/9326\/revisions"}],"predecessor-version":[{"id":14046,"href":"https:\/\/mieux-se-connaitre.com\/wp4\/wp-json\/wp\/v2\/posts\/9326\/revisions\/14046"}],"wp:attachment":[{"href":"https:\/\/mieux-se-connaitre.com\/wp4\/wp-json\/wp\/v2\/media?parent=9326"}],"wp:term":[{"taxonomy":"category","embeddable":true,"href":"https:\/\/mieux-se-connaitre.com\/wp4\/wp-json\/wp\/v2\/categories?post=9326"},{"taxonomy":"post_tag","embeddable":true,"href":"https:\/\/mieux-se-connaitre.com\/wp4\/wp-json\/wp\/v2\/tags?post=9326"}],"curies":[{"name":"wp","href":"https:\/\/api.w.org\/{rel}","templated":true}]}}