{"id":9368,"date":"2016-02-04T14:00:53","date_gmt":"2016-02-04T12:00:53","guid":{"rendered":"https:\/\/mieux-se-connaitre.com\/wp4\/?p=9368"},"modified":"2016-02-04T14:31:19","modified_gmt":"2016-02-04T12:31:19","slug":"la-priere-et-la-glossolalie","status":"publish","type":"post","link":"https:\/\/mieux-se-connaitre.com\/wp4\/2016\/02\/la-priere-et-la-glossolalie\/","title":{"rendered":"La pri\u00e8re et la glossolalie"},"content":{"rendered":"<!-- google_ad_section_start --><div id=\"attachment_9369\" style=\"width: 310px\" class=\"wp-caption alignleft\"><a href=\"http:\/\/www.poilagratter.net\/2010\/08\/humilite-bien-ordonnee\/\"><img aria-describedby=\"caption-attachment-9369\" loading=\"lazy\" class=\"size-medium wp-image-9369\" src=\"https:\/\/mieux-se-connaitre.com\/wp4\/wp-content\/uploads\/2016\/02\/priere364-300x215.jpg\" alt=\"Dessin de J\u00e9r\u00f4me Lefranc\" width=\"300\" height=\"215\" srcset=\"https:\/\/mieux-se-connaitre.com\/wp4\/wp-content\/uploads\/2016\/02\/priere364-300x215.jpg 300w, https:\/\/mieux-se-connaitre.com\/wp4\/wp-content\/uploads\/2016\/02\/priere364-150x108.jpg 150w, https:\/\/mieux-se-connaitre.com\/wp4\/wp-content\/uploads\/2016\/02\/priere364.jpg 500w\" sizes=\"(max-width: 300px) 100vw, 300px\" \/><\/a><p id=\"caption-attachment-9369\" class=\"wp-caption-text\">Dessin de J\u00e9r\u00f4me Lefranc<\/p><\/div>\n<p>Vous arrive-t-il de prier? Sinc\u00e8rement, vous en attendez quoi \u00e0 part que le fait de formuler vos angoisses peut vous aider. Avez-vous d\u00e9j\u00e0 eu l&#8217;impression d&#8217;entrer en rapport avec une divinit\u00e9. Savez-vous que l&#8217;on a pr\u00e9cis\u00e9ment identifi\u00e9 les troubles mentaux responsables des <em>Voix<\/em> qu&#8217;entendent certaines personnes (Jeanne d&#8217;Arc par exemple).<\/p>\n<p>La pri\u00e8re est une invocation \u00e0 caract\u00e8re collectif ou priv\u00e9 destin\u00e9e \u00e0 obtenir directement ou indirectement la protection d&#8217;une divinit\u00e9 et plus globalement, \u00e0 entrer en rapport avec elle. Nos questionnements sur nos origines, notre devenir, la mort incitent n\u00e9cessairement \u00e0 la m\u00e9ditation et le refus d&#8217;un destin tragique incite naturellement \u00e0 la pri\u00e8re sans pour autant que l&#8217;on sache qui et quoi prier!<!--more-->La pri\u00e8re peut \u00eatre<\/p>\n<p>&#8211; un appel direct si on s&#8217;adresse explicitement \u00e0 un dieu d\u00e9termine, d\u00e9nomm\u00e9;<\/p>\n<p>&#8211; un appel indirect lorsqu&#8217;on s&#8217;adresse \u00e0 une puissance obscure, inassignable, vers l&#8217;au-del\u00e0, l&#8217;occulte ou encore lorsqu&#8217;on recourt \u00e0 l&#8217;intercession d&#8217;un personnage, par exemple dans le christianisme, un saint, la Vierge Marie.<\/p>\n<p>La pri\u00e8re peut avoir une intension d\u00e9fensive, \u00e9viter ou \u00e9carter un mal ou un malheur pour soi-m\u00eame ou pour les siens, une intention positive pour la r\u00e9alisation d&#8217;un voeu, d&#8217;un d\u00e9sir, d&#8217;un espoir, mais aussi une intention quasi communielle de rapport au divin dans un m\u00e9lange de sentiments d&#8217;exaltation, d&#8217;humilit\u00e9 et de v\u00e9n\u00e9ration.<\/p>\n<p>Les <a href=\"http:\/\/naitre.com\/2009\/10\/les-rituels\/\">rituels<\/a> de pri\u00e8res ont le plus souvent un caract\u00e8re collectif, c\u00e9r\u00e9monies religieuses, pri\u00e8res publiques pour des deuils ou certaines \u00e9preuves qui affectent la communaut\u00e9 (famine, guerre, catastrophes naturelles). Les conduites des pri\u00e8res sont vari\u00e9es et oscillent entre une forme ostentatoire ou discr\u00e8te, voire secr\u00e8te.<\/p>\n<p>Dans le premier cas on observe des pratiques gestuelles et vocales, prosternations, g\u00e9nuflexions, implorations, lamentations, etc.<\/p>\n<p>Dans le second cas, avec les processus d&#8217;int\u00e9riorisation et de spiritualisation selon une d\u00e9finition du mystique Gr\u00e9goire de Nyss\u00e9, la pri\u00e8re devient un \u00e9change confidentiel entre l&#8217;\u00e2me et Dieu.<\/p>\n<p>Dans les soci\u00e9t\u00e9s la\u00efques, d\u00e9christianis\u00e9es, la pri\u00e8res n&#8217;est jamais ritualis\u00e9e de fa\u00e7on explicite (sauf aujourd&#8217;hui avec l&#8217;arriv\u00e9e en force de l&#8217;int\u00e9grisme musulman). Elle peut pourtant intervenir de fa\u00e7on latente dans certaines c\u00e9r\u00e9monies, \u00e0 l&#8217;occasion de phases de recueillement, ou r\u00e9guli\u00e8rement pour les musulmans pratiquants.<\/p>\n<p>Dans la vie priv\u00e9e, beaucoup d&#8217;adultes, au moment d&#8217;une \u00e9preuve ou d&#8217;une grande angoisse, retrouvent l&#8217;attitude et les paroles des pri\u00e8res de leur enfance. M\u00eame ceux qui n&#8217;ont pas re\u00e7u d&#8217;\u00e9ducation religieuse peuvent \u00e9mettre une imploration confuse ou prendre du temps pour m\u00e9diter.<\/p>\n<p><span style=\"color: #800000;\"><strong>La glossolalie<\/strong><\/span> est une pratique qui remonte \u00e0 une trentaine d&#8217;ann\u00e9es, elle est apparue dans les mouvements religieux <em>charismatiques<\/em> et <em>n\u00e9o-pentec\u00f4tistes<\/em> qui ont \u00e9merg\u00e9 \u00e0 la lisi\u00e8re des \u00e9glises officielles. Au cours de leurs r\u00e9union de petits groupes ou de leurs rassemblement massifs, ils recourent non seulement \u00e0 la libre parole mais \u00e0 un mode d&#8217;expression non verbale, irruptif et disent-ils, <em>inspir\u00e9 par l&#8217;esprit saint.<\/em><\/p>\n<p>Les glossolalies consistent en des \u00e9missions vocales, modul\u00e9es dans l&#8217;intonation mais non verbalis\u00e9es. Elles sont initi\u00e9es par un fid\u00e8le, puis reprises par d&#8217;autres en alternant r\u00e9p\u00e9tition et improvisation. Les analyses qui en ont \u00e9t\u00e9 faites n&#8217;ont pu d\u00e9gager aucun langage connu sous-jacent. Elles n&#8217;en prennent pas moins pour leurs \u00e9metteurs un sens profond de rapporte \u00e0 Dieu et d&#8217;expression symbolique des sentiments \u00e0 son \u00e9gard. Cela dans un climat d&#8217;exaltation communielle ou simplement d&#8217;euphorie collective (nous ne faisons rien qui nous divise et nous nous unissons \u00e0 Dieu!)<\/p>\n<p>On peut rapprocher de ph\u00e9nom\u00e8ne de la transe; il est li\u00e9 comme elle au d\u00e9sir d&#8217;acc\u00e8s au sacr\u00e9 et \u00e0 la pression contagieuse du groupe, mais les glossolalies sont moins intenses que la transe.<\/p>\n<p>Son apparition en France a co\u00efncid\u00e9 avec l&#8217;\u00e9viction de la liturgie latine dans les c\u00e9r\u00e9monies religieuses catholiques. On peut ainsi faire l&#8217;hypoth\u00e8se que les glossolalies viendraient relayer ce support fantasmatique d&#8217;une langue obscure et psalmodi\u00e9e dont l&#8217;\u00c9glise a curieusement m\u00e9connu la port\u00e9e au profit d&#8217;une modernit\u00e9 plus rationnelle.<\/p>\n<!-- google_ad_section_end -->","protected":false},"excerpt":{"rendered":"<!-- google_ad_section_start --><p>Vous arrive-t-il de prier? Sinc\u00e8rement, vous en attendez quoi \u00e0 part que le fait de formuler vos angoisses peut vous aider. Avez-vous d\u00e9j\u00e0 eu l&#8217;impression d&#8217;entrer en rapport avec une divinit\u00e9. Savez-vous que l&#8217;on a pr\u00e9cis\u00e9ment identifi\u00e9 les troubles mentaux&hellip;<\/p>\n<p class=\"more-link-p\"><a class=\"more-link\" href=\"https:\/\/mieux-se-connaitre.com\/wp4\/2016\/02\/la-priere-et-la-glossolalie\/\">Suite &rarr;<\/a><\/p>\n<!-- google_ad_section_end -->","protected":false},"author":1,"featured_media":0,"comment_status":"open","ping_status":"open","sticky":false,"template":"","format":"standard","meta":[],"categories":[148,7,1],"tags":[],"_links":{"self":[{"href":"https:\/\/mieux-se-connaitre.com\/wp4\/wp-json\/wp\/v2\/posts\/9368"}],"collection":[{"href":"https:\/\/mieux-se-connaitre.com\/wp4\/wp-json\/wp\/v2\/posts"}],"about":[{"href":"https:\/\/mieux-se-connaitre.com\/wp4\/wp-json\/wp\/v2\/types\/post"}],"author":[{"embeddable":true,"href":"https:\/\/mieux-se-connaitre.com\/wp4\/wp-json\/wp\/v2\/users\/1"}],"replies":[{"embeddable":true,"href":"https:\/\/mieux-se-connaitre.com\/wp4\/wp-json\/wp\/v2\/comments?post=9368"}],"version-history":[{"count":3,"href":"https:\/\/mieux-se-connaitre.com\/wp4\/wp-json\/wp\/v2\/posts\/9368\/revisions"}],"predecessor-version":[{"id":9372,"href":"https:\/\/mieux-se-connaitre.com\/wp4\/wp-json\/wp\/v2\/posts\/9368\/revisions\/9372"}],"wp:attachment":[{"href":"https:\/\/mieux-se-connaitre.com\/wp4\/wp-json\/wp\/v2\/media?parent=9368"}],"wp:term":[{"taxonomy":"category","embeddable":true,"href":"https:\/\/mieux-se-connaitre.com\/wp4\/wp-json\/wp\/v2\/categories?post=9368"},{"taxonomy":"post_tag","embeddable":true,"href":"https:\/\/mieux-se-connaitre.com\/wp4\/wp-json\/wp\/v2\/tags?post=9368"}],"curies":[{"name":"wp","href":"https:\/\/api.w.org\/{rel}","templated":true}]}}