{"id":985,"date":"2009-11-12T07:59:42","date_gmt":"2009-11-12T05:59:42","guid":{"rendered":"https:\/\/mieux-se-connaitre.com\/wp4\/?p=985"},"modified":"2020-05-20T14:59:35","modified_gmt":"2020-05-20T12:59:35","slug":"la-lune-seul-satellite-de-la-terre","status":"publish","type":"post","link":"https:\/\/mieux-se-connaitre.com\/wp4\/2009\/11\/la-lune-seul-satellite-de-la-terre\/","title":{"rendered":"La Lune, seul satellite de la Terre"},"content":{"rendered":"<!-- google_ad_section_start --><div>\n<div id=\"attachment_987\" style=\"width: 310px\" class=\"wp-caption alignleft\"><a href=\"https:\/\/mieux-se-connaitre.com\/wp4\/wp-content\/uploads\/2009\/11\/terrelune.jpg\"><img aria-describedby=\"caption-attachment-987\" loading=\"lazy\" class=\"wp-image-987 size-medium\" title=\"terrelune\" src=\"https:\/\/mieux-se-connaitre.com\/wp4\/wp-content\/uploads\/2009\/11\/terrelune-300x225.jpg\" alt=\"Clair de Terre sur la Lune \u00a9 photo NASA\" width=\"300\" height=\"225\" srcset=\"https:\/\/mieux-se-connaitre.com\/wp4\/wp-content\/uploads\/2009\/11\/terrelune-300x225.jpg 300w, https:\/\/mieux-se-connaitre.com\/wp4\/wp-content\/uploads\/2009\/11\/terrelune-150x112.jpg 150w, https:\/\/mieux-se-connaitre.com\/wp4\/wp-content\/uploads\/2009\/11\/terrelune.jpg 640w\" sizes=\"(max-width: 300px) 100vw, 300px\" \/><\/a><p id=\"caption-attachment-987\" class=\"wp-caption-text\">Clair de Terre sur la Lune \u00a9 photo NASA<\/p><\/div>\n<p>La Lune, seul satellite de la Terre, est le seul monde extra-terrestre sur lequel l\u2019homme ait march\u00e9. Elle n\u2019a pas d\u2019atmosph\u00e8re.<br \/>\n<span style=\"color: #800000;\">Distance \u00e0 la Terre<\/span> : 384 000 km environ puisque son orbite est elliptique.<\/p>\n<p>Cette distance est \u00e9gales \u00e0 1,3 seconde-lumi\u00e8re = 20 fois la distance France-Nouvelle Cal\u00e9donie.<\/p>\n<p>(1 seconde-lumi\u00e8re: distance que la lumi\u00e8re parcourt en une seconde \u00e0 300 000 km\/seconde)<\/p>\n<p>La plus ancienne mesure de la distance Terre-Lune\u00a0 a \u00e9t\u00e9 faite par les grecs en 250 avant J.C.Lors du passage de la Lune\u00a0 dans le c\u00f4ne d\u2019ombre du Soleil (\u00e9clipse de Lune), on peut compter le nombre de rayons lunaires qu\u2019il y a dans un rayon terrestre. Comme on connait le diam\u00e8tre apparent de la Lune et du Soleil et le diam\u00e8tre de la Terre, on en d\u00e9duit la dimension de la Lune et sa distance \u00e0 la Terre.<\/p>\n<\/div>\n<div>On mesure aujourd&#8217;hui cette distance \u00e0 quelques centim\u00e8tres pr\u00e8s par tir laser.<\/div>\n<div>La lumi\u00e8re met 1,3 secondes pour nous parvenir de la Lune si proche de la Terre par rapport \u00e0 l&#8217;immensit\u00e9 de l&#8217;Univers.<\/div>\n<p><span style=\"color: #800000;\">Compar\u00e9e \u00e0 la Terre, elle est :<\/span> 3 fois plus petite et 80 fois moins lourde<\/p>\n<p>Rotation sur elle-m\u00eame : 27 jours<\/p>\n<p>R\u00e9volution autour de la Terre : 27 jours.<\/p>\n<h2><span style=\"color: #800000;\"><strong>L&#8217;homme sur la Lune<\/strong><\/span><\/h2>\n<div id=\"attachment_990\" style=\"width: 310px\" class=\"wp-caption alignleft\"><img aria-describedby=\"caption-attachment-990\" loading=\"lazy\" class=\"size-medium wp-image-990\" title=\"apollo17\" src=\"https:\/\/mieux-se-connaitre.com\/wp4\/wp-content\/uploads\/2009\/11\/apollo17-300x225.jpg\" alt=\"Mission Apollo 17 - photo NASA\" width=\"300\" height=\"225\" srcset=\"https:\/\/mieux-se-connaitre.com\/wp4\/wp-content\/uploads\/2009\/11\/apollo17-300x225.jpg 300w, https:\/\/mieux-se-connaitre.com\/wp4\/wp-content\/uploads\/2009\/11\/apollo17-150x112.jpg 150w, https:\/\/mieux-se-connaitre.com\/wp4\/wp-content\/uploads\/2009\/11\/apollo17.jpg 640w\" sizes=\"(max-width: 300px) 100vw, 300px\" \/><p id=\"caption-attachment-990\" class=\"wp-caption-text\">Mission Apollo 17 &#8211; photo NASA<\/p><\/div>\n<p>La Lune, Kepler en r\u00eavait d\u00e9j\u00e0 en 1600: &#8220;Un jour, des vaisseaux c\u00e9lestes, avec des voiles adapt\u00e9es aux vents des cieux, partiront, habit\u00e9s par des explorateurs qui n&#8217;auront pas peur de l&#8217;immensit\u00e9&#8221;.<\/p>\n<p>Son r\u00eave s&#8217;est concr\u00e9tis\u00e9 en 1969.<\/p>\n<p>Symbole de la r\u00e9ussite scientifique du XXe si\u00e8cle, l&#8217;aventure Terre-Lune a aussi \u00e9t\u00e9 un \u00e9pisode essentiel de la Guerre froide. Lors de la Guerre froide, la conqu\u00eate de l&#8217;espace devient un enjeu majeur de la rivalit\u00e9 entre les deux superpuissances. Une comp\u00e9tition acharn\u00e9e s&#8217;engage. Chaque succ\u00e8s technologique prend figure de victoire d&#8217;un syst\u00e8me sur l&#8217;autre. Initialement, les Sovi\u00e9tiques m\u00e8nent la course en t\u00eate. Premier homme dans l&#8217;espace en 1961, Gagarine devient un h\u00e9ros plan\u00e9taire. Les Am\u00e9ricains prennent leur revanche avec le succ\u00e8s de la mission Apollo. Le monde entier regarde le 20 juillet 1969 les premiers pas sur la Lune de Neil Amstrong. La d\u00e9tente des ann\u00e9es 70 conduit Am\u00e9ricains et Sovi\u00e9tiques \u00e0 mener conjointement des missions spatiales. Dans les ann\u00e9es 80, confront\u00e9e \u00e0 ses paradoxes \u00e9conomiques et sociaux, l&#8217;URSS ne suit que difficilement le challenge spatial.<\/p>\n<p>Peut-\u00eatre ne per\u00e7oit-on pas encore les cons\u00e9quences sur la civilisation de ces images de la Terre vue de la Lune, la Terre vue depuis un autre astre du syst\u00e8me solaire, puis vue de Voyager sortant du syst\u00e8me solaire. Elles nous font ressentir concr\u00e8tement notre situation d&#8217;astre banal dans l&#8217;Univers.<\/p>\n<h2><span style=\"color: #800000;\"><strong>Peser la Lune<\/strong><\/span><\/h2>\n<div id=\"attachment_989\" style=\"width: 310px\" class=\"wp-caption alignleft\"><a href=\"https:\/\/mieux-se-connaitre.com\/wp4\/wp-content\/uploads\/2009\/11\/merorient.jpg\"><img aria-describedby=\"caption-attachment-989\" loading=\"lazy\" class=\"wp-image-989 size-medium\" title=\"merorient\" src=\"https:\/\/mieux-se-connaitre.com\/wp4\/wp-content\/uploads\/2009\/11\/merorient-300x225.jpg\" alt=\"La mer orientale, le plus grand crat\u00e8re lunaire\" width=\"300\" height=\"225\" srcset=\"https:\/\/mieux-se-connaitre.com\/wp4\/wp-content\/uploads\/2009\/11\/merorient-300x225.jpg 300w, https:\/\/mieux-se-connaitre.com\/wp4\/wp-content\/uploads\/2009\/11\/merorient-150x112.jpg 150w, https:\/\/mieux-se-connaitre.com\/wp4\/wp-content\/uploads\/2009\/11\/merorient.jpg 640w\" sizes=\"(max-width: 300px) 100vw, 300px\" \/><\/a><p id=\"caption-attachment-989\" class=\"wp-caption-text\">La mer orientale, le plus grand crat\u00e8re lunaire<\/p><\/div>\n<p>La Lune, de masse non n\u00e9gligeable par rapport \u00e0 la Terre, a \u00e9t\u00e9 ralentie par les effets de mar\u00e9e jusqu&#8217;\u00e0 ce que sa p\u00e9riode de rotation soit \u00e9gale \u00e0 sa p\u00e9riode de r\u00e9volution: elle pr\u00e9sente donc toujours la m\u00eame face \u00e0 la Terre.<\/p>\n<p>On ne peut bien \u00e9videmment pas peser les astres sur une balance mais la gravitation universelle est un moyen de les &#8220;peser&#8221;.<\/p>\n<p>L&#8217;attraction entre deux corps est proportionnelle \u00e0 la quantit\u00e9 de mati\u00e8re dans chaque corps c&#8217;est \u00e0 dire \u00e0 sa masse. Plus leur masses sont \u00e9lev\u00e9es, plus grande est l&#8217;attraction.<\/p>\n<p>L&#8217;attraction entre deux corps est inversement proportionnelle au carr\u00e9 de leur distance: si la distance entre les deux corps double, l&#8217;attraction sera 4 fois plus faible.<\/p>\n<p>La force gravitationnelle avec laquelle s&#8217;attirent deux corps de masse M et m s&#8217;exprime par: F=g m M\/r2, g \u00e9tant une constante.<\/p>\n<p>Attention de ne pas confondre le poids d&#8217;un corps qui est en fait la force gravitationnelle exerc\u00e9e sur lui par un autre corps et sa masse qui repr\u00e9sente la quantit\u00e9 de mati\u00e8re dans ce corps: Un cosmonaute a une masse donn\u00e9e mais son poids varie selon qu&#8217;il est sur la surface de la Terre ou sur celle de la Lune. Les cosmonautes sur la Lune ont v\u00e9rifi\u00e9 humainement la loi de la gravitation universelle: leur poids sur la Lune est 80 plus faible que sur Terre.<\/p>\n<p>La dynamique et la stabilit\u00e9 des corps est un compromis entre la gravitation (centrip\u00e8te), les forces nucl\u00e9aires (centrifuges) et la rotation (centrifuge)<\/p>\n<p>La Lune &#8220;tombe sur la Terre&#8221;&#8230;Le fait qu&#8217;elle tourne autour de la Terre est un compromis entre tomber sur la Terre et continuer tout droit. M\u00eame remarque pour\u00a0 la Terre qui tourne autour du Soleil.<\/p>\n<p>Tout corps s&#8217;approchant trop pr\u00e8s d&#8217;un corps g\u00e9ant est soumis \u00e0 une attraction tr\u00e8s diff\u00e9rente en chaque point: les points de la face la plus proche du corps g\u00e9ant \u00e9tant bien plus attir\u00e9s que ceux de la face la plus \u00e9loign\u00e9e. Ces forces d&#8217;attraction diff\u00e9rentes font subir au corps de telles tensions qu&#8217;il se brise et finit par former des anneaux : autour de Saturne, aucun gros satellite ne peut r\u00e9sister \u00e0 moins de 140 000 km et si la Lune \u00e9tait \u00e0 moins de 18 000 km de la Terre, elle serait en morceaux!<\/p>\n<p>En mesurant la distance \u00e0 laquelle un corps tourne autour d&#8217;un autre et la vitesse de rotation du corps sur son orbite, on en d\u00e9duit la masse du corps central (si la masse de l&#8217;astre qui orbite est petite devant celle du corps central).<\/p>\n<h2><span style=\"color: #800000;\"><strong>Le noir de la nuit<\/strong><\/span><\/h2>\n<p>sur la Lune, le ciel est noir car la lune n&#8217;a pas d&#8217;atmosph\u00e8re.<\/p>\n<p>Mais pourquoi, \u00e9tant donn\u00e9 le nombre d&#8217;\u00e9toiles dans le ciel, ne fait-il pas jour en pleine nuit?<\/p>\n<p>Si l&#8217;univers est infini et uniform\u00e9ment peupl\u00e9 d&#8217; \u00e9toiles. Comme le nombre d&#8217;\u00e9toiles\u00a0 augmente comme le cube du rayon et la perte de photons diminue comme le carr\u00e9 du rayon, lorsqu&#8217;on regarde 2 fois plus loin, on re\u00e7oit 4 fois moins de lumi\u00e8re mais il y a 8 fois plus d&#8217;\u00e9toiles dans le volume observ\u00e9. Il devrait faire jour. Le ciel nocturne devrait \u00eatre aussi brillant que le Soleil.<\/p>\n<p>Pourquoi ne fait-il pas jour? Ce paradoxe (paradoxe d&#8217;Olbers) se r\u00e9sout ainsi:<\/p>\n<p>L&#8217;univers est en expansion et il est fini temporellement, les galaxies distantes fuient \u00e0 des vitesses proches de celle de la lumi\u00e8re: les photons qui nous en parviennent sont d\u00e9cal\u00e9s vers le rouge, c&#8217;est \u00e0 dire vers les grandes longueurs d&#8217;ondes moins \u00e9nerg\u00e9tiques. Si on \u00e9tend la relation de Hubble aux tr\u00e8s grandes distances, on arrive, vers 15 milliards d&#8217;ann\u00e9es-lumi\u00e8re \u00e0 des vitesses de r\u00e9cession qui vont d\u00e9passer la vitesse de la lumi\u00e8re (horizon relativiste), ce qui est impossible et m\u00eame si \u00e7a l&#8217;\u00e9tait, leur lumi\u00e8re ne nous parviendrait donc jamais puisqu&#8217;elle vont plus vite que la lumi\u00e8re qu&#8217;elles nous envoient.<\/p>\n<h2><span style=\"color: #800000;\"><strong>Mouvements de la Lune<\/strong><\/span><\/h2>\n<p>Le mouvement apparent de la Lune dans le ciel nous apparait tr\u00e8s capricieux et pourtant le mouvement de la Lune par rapport \u00e0 la Terre est simple: elle tourne autour de la Terre en 27,32 jours et la Terre tourne autour du Soleil.<\/p>\n<p>La pleine Lune revient tous les 29,53 jours car, pendant les 27,32 jours que dure la r\u00e9volution de la Lune autour de la Terre, la Terre a tourn\u00e9 de 27\u00b0 autour du Soleil; la Lune doit donc parcourir ces 27 \u00b0 suppl\u00e9mentaires pour que l&#8217;on se retrouve dans la m\u00eame configuration.<\/p>\n<h2><span style=\"color: #800000;\"><strong>Phases de la Lune<\/strong><\/span><\/h2>\n<div id=\"attachment_1006\" style=\"width: 310px\" class=\"wp-caption alignleft\"><a href=\"https:\/\/mieux-se-connaitre.com\/wp4\/wp-content\/uploads\/2009\/11\/phaseslune.jpg\"><img aria-describedby=\"caption-attachment-1006\" loading=\"lazy\" class=\"wp-image-1006 size-medium\" title=\"phaseslune\" src=\"https:\/\/mieux-se-connaitre.com\/wp4\/wp-content\/uploads\/2009\/11\/phaseslune-300x180.jpg\" alt=\"Les phases de la Lune\" width=\"300\" height=\"180\" srcset=\"https:\/\/mieux-se-connaitre.com\/wp4\/wp-content\/uploads\/2009\/11\/phaseslune-300x180.jpg 300w, https:\/\/mieux-se-connaitre.com\/wp4\/wp-content\/uploads\/2009\/11\/phaseslune-150x90.jpg 150w, https:\/\/mieux-se-connaitre.com\/wp4\/wp-content\/uploads\/2009\/11\/phaseslune.jpg 800w\" sizes=\"(max-width: 300px) 100vw, 300px\" \/><\/a><p id=\"caption-attachment-1006\" class=\"wp-caption-text\">Les phases de la Lune<\/p><\/div>\n<p>Le sch\u00e9ma montre le Soleil \u00e9clairant la Terre et la Lune qui tourne autour de la Terre. Le Soleil \u00e9claire la Lune m\u00eame si la Terre est entre les deux, car \u00e0 part les cas de parfait alignement de l&#8217;axe Soleil-Terre-Lune qui se produit lors des \u00e9clipses de Lune, les trois astres ne sont pas exactement sur le m\u00eame axe donc les rayons du Soleil parviennent \u00e0 la surface de la Lune. La partie jaune est celle qui est \u00e9clair\u00e9e et que nous voyons briller dans le ciel, la partie marron est dans l&#8217;ombre nous ne la voyons pas.<\/p>\n<p>On voit donc comment la Lune est \u00e9clair\u00e9e selon sa position sur la trajectoire autour le la Terre puis les fl\u00e8ches indiquent comment on voit r\u00e9ellement la Lune pour chacune de ces positions.\u00a0 A noter qu&#8217;on ne pr\u00eate pas attention au croissant de Lune tourn\u00e9 vers la droite car dans cette configuration la Lune est visible pendant la journ\u00e9e, donc on la remarque peu!<\/p>\n<h2><span style=\"color: #800000;\"><strong>\u00c9clipses et occultations<\/strong><\/span><\/h2>\n<p><img loading=\"lazy\" class=\"alignleft size-medium wp-image-991\" title=\"eclipse\" src=\"https:\/\/mieux-se-connaitre.com\/wp4\/wp-content\/uploads\/2009\/11\/eclipse-300x225.jpg\" alt=\"eclipse\" width=\"300\" height=\"225\" srcset=\"https:\/\/mieux-se-connaitre.com\/wp4\/wp-content\/uploads\/2009\/11\/eclipse-300x225.jpg 300w, https:\/\/mieux-se-connaitre.com\/wp4\/wp-content\/uploads\/2009\/11\/eclipse-150x112.jpg 150w, https:\/\/mieux-se-connaitre.com\/wp4\/wp-content\/uploads\/2009\/11\/eclipse.jpg 640w\" sizes=\"(max-width: 300px) 100vw, 300px\" \/><span style=\"color: #800000;\"><strong>Une \u00e9clipse<\/strong><\/span> a lieu lorsqu&#8217;un corps passe dans l\u2019ombre d\u2019un autre, les trois corps sont align\u00e9s. L&#8217;\u00e9clipse est un ph\u00e9nom\u00e8ne absolu, observ\u00e9 quelle que soit la position de l\u2019observateur(ex: un nuage sur une vall\u00e9e cr\u00e9e un \u00e9clipse de Soleil sur la vall\u00e9e).Une occultation a lieu lorsqu&#8217;un corps passe devant un autre et que le troisi\u00e8me corps est l&#8217;observateur: ce ph\u00e9nom\u00e8ne d\u00e9pend donc de la position de l\u2019observateur. Les \u00e9clipses de Soleil par la Lune sont en fait des occultations.<\/p>\n<p>L&#8217; \u00e9clipse de Soleil, ph\u00e9nom\u00e8ne c\u00e9leste le plus frappant et le plus populaire, a toujours \u00e9t\u00e9 interpr\u00e9t\u00e9e comme l&#8217;indice de calamit\u00e9s in\u00e9vitables. Lorsqu&#8217;on ne connait pas la cause du ph\u00e9nom\u00e8ne, comment ne pas avoir peur d&#8217;une prolongation ind\u00e9finie de cette nuit extraordinaire?<\/p>\n<p>Elles ont servi ou desservi les hommes de pouvoir d&#8217;Alexandre \u00e0 Christophe Colomb. Chez les peuples primitifs l&#8217;\u00e9clipse \u00e9tait due \u00e0 un dragon qui d\u00e9vorait le Soleil ou \u00e0 un chaudron qui se renverse, bouchant les trous qui laissent passer la lumi\u00e8re;\u00a0 on organisait alors un &#8220;chahut&#8221;. Ces croyances ont persist\u00e9 alors qu&#8217;Aristote sait d\u00e9ja qu\u2019une \u00e9clipse de Lune est due \u00e0 l\u2019ombre de la Terre.<\/p>\n<p>Eclipse vient d\u2019\u00e9cliptique. J.P. de Mesme, pensant qu&#8217;il est inepte de d\u00e9signer par le m\u00eame terme deux choses diff\u00e9rentes, donne aux \u00e9clipses les noms de d\u00e9faillances de la Lune et de passions du Soleil; aucun de ces termes n\u2019a \u00e9t\u00e9 retenu. Pour que tout le monde puisse comprendre les ph\u00e9nom\u00e8nes, il avait \u00e9crit en 1551, le premier livre d\u2019astronomie en Fran\u00e7ais en non en Latin, en cherchant \u00e0 \u00e9viter les termes que seuls les latinistes et les hell\u00e9nistes pouvaient comprendre.<\/p>\n<p><span style=\"color: #800000;\"><strong>Occultation<\/strong><\/span><\/p>\n<p>Lorsqu&#8217;un corps passe devant un autre, c&#8217;est une occultation. Le ph\u00e9nom\u00e8ne est relatif au troisi\u00e8me corps. Les \u00e9clipses de Lune* ou de Soleil* sont des occultations mais on les appelle \u00e9clipses. On devrait avoir une \u00e9clipse* de Lune et une \u00e9clipse de Soleil tous les mois (\u00e0 chaque nouvelle lune, une \u00e9clipse de Soleil, \u00e0 chaque pleine lune une \u00e9clipse de Lune) on ne l&#8217;a pas parce que l&#8217;orbite de la Lune est inclin\u00e9e de 5 degr\u00e9s sur l&#8217; \u00e9cliptique*. Sur la Lune la Terre a des phases mais elle ne se l\u00e8ve ni ne se couche, en 17 ans elle descend un peu et remonte, c&#8217;est tout: c&#8217;est par cette oscillation qu&#8217;on voit un peu de la face cach\u00e9e.<\/p>\n<p>Le ph\u00e9nom\u00e8ne d&#8217;occultation d&#8217;\u00e9toiles par la Lune ou par une plan\u00e8te ou par les anneaux d&#8217;une plan\u00e8te permettent d&#8217;\u00e9tudier finement la structure des astres.<\/p>\n<p>&#8211; C&#8217;est ainsi qu&#8217;on mesure la temp\u00e9rature de l&#8217;atmosph\u00e8re externe des plan\u00e8tes. On profite du moment o\u00f9 une plan\u00e8te passe devant une \u00e9toile, la lumi\u00e8re est r\u00e9fract\u00e9e, on mesure l&#8217;indice de r\u00e9fraction par la courbe de disparition de la lumi\u00e8re qui d\u00e9pend de la Temp\u00e9rature\u00a0 et de la composition chimique. Connaissant la composition chimique\u00a0 par spectroscopie, on en d\u00e9duit la temp\u00e9rature. Des mesures uniques ont \u00e9t\u00e9 faites sur Titan*, \u00e0 Paris, le centre de l&#8217;ombre de Titan \u00e9tait \u00e0 20 km de Paris.<\/p>\n<p>C&#8217;est \u00e9galement ainsi qu&#8217;on a d\u00e9couvert les anneaux d&#8217;Uranus(1977) et de Neptune(1984): avant que l&#8217;\u00e9toile ne disparaisse derri\u00e8re la plan\u00e8te, on a observ\u00e9 une interruption secondaire ce qui indiquait la pr\u00e9sence d&#8217;anneaux.<\/p>\n<!-- google_ad_section_end -->","protected":false},"excerpt":{"rendered":"<!-- google_ad_section_start --><p>La Lune, seul satellite de la Terre, est le seul monde extra-terrestre sur lequel l\u2019homme ait march\u00e9. Elle n\u2019a pas d\u2019atmosph\u00e8re. Distance \u00e0 la Terre : 384 000 km environ puisque son orbite est elliptique. Cette distance est \u00e9gales \u00e0&hellip;<\/p>\n<p class=\"more-link-p\"><a class=\"more-link\" href=\"https:\/\/mieux-se-connaitre.com\/wp4\/2009\/11\/la-lune-seul-satellite-de-la-terre\/\">Suite &rarr;<\/a><\/p>\n<!-- google_ad_section_end -->","protected":false},"author":1,"featured_media":0,"comment_status":"open","ping_status":"open","sticky":false,"template":"","format":"standard","meta":[],"categories":[147,7],"tags":[],"_links":{"self":[{"href":"https:\/\/mieux-se-connaitre.com\/wp4\/wp-json\/wp\/v2\/posts\/985"}],"collection":[{"href":"https:\/\/mieux-se-connaitre.com\/wp4\/wp-json\/wp\/v2\/posts"}],"about":[{"href":"https:\/\/mieux-se-connaitre.com\/wp4\/wp-json\/wp\/v2\/types\/post"}],"author":[{"embeddable":true,"href":"https:\/\/mieux-se-connaitre.com\/wp4\/wp-json\/wp\/v2\/users\/1"}],"replies":[{"embeddable":true,"href":"https:\/\/mieux-se-connaitre.com\/wp4\/wp-json\/wp\/v2\/comments?post=985"}],"version-history":[{"count":13,"href":"https:\/\/mieux-se-connaitre.com\/wp4\/wp-json\/wp\/v2\/posts\/985\/revisions"}],"predecessor-version":[{"id":13101,"href":"https:\/\/mieux-se-connaitre.com\/wp4\/wp-json\/wp\/v2\/posts\/985\/revisions\/13101"}],"wp:attachment":[{"href":"https:\/\/mieux-se-connaitre.com\/wp4\/wp-json\/wp\/v2\/media?parent=985"}],"wp:term":[{"taxonomy":"category","embeddable":true,"href":"https:\/\/mieux-se-connaitre.com\/wp4\/wp-json\/wp\/v2\/categories?post=985"},{"taxonomy":"post_tag","embeddable":true,"href":"https:\/\/mieux-se-connaitre.com\/wp4\/wp-json\/wp\/v2\/tags?post=985"}],"curies":[{"name":"wp","href":"https:\/\/api.w.org\/{rel}","templated":true}]}}