{"id":9852,"date":"2017-05-15T20:01:07","date_gmt":"2017-05-15T18:01:07","guid":{"rendered":"https:\/\/mieux-se-connaitre.com\/wp4\/?p=9852"},"modified":"2020-06-18T12:22:35","modified_gmt":"2020-06-18T10:22:35","slug":"jour-polaire-ou-jour-sans-fin","status":"publish","type":"post","link":"https:\/\/mieux-se-connaitre.com\/wp4\/2017\/05\/jour-polaire-ou-jour-sans-fin\/","title":{"rendered":"Jour polaire ou jour sans fin"},"content":{"rendered":"<!-- google_ad_section_start --><div id=\"attachment_9853\" style=\"width: 310px\" class=\"wp-caption alignleft\"><a href=\"https:\/\/mieux-se-connaitre.com\/wp4\/wp-content\/uploads\/2017\/07\/capnord5.jpg\"><img aria-describedby=\"caption-attachment-9853\" loading=\"lazy\" class=\"size-medium wp-image-9853\" src=\"https:\/\/mieux-se-connaitre.com\/wp4\/wp-content\/uploads\/2017\/07\/capnord5-300x225.jpg\" alt=\"Cap Nord - 1 h du matin\" width=\"300\" height=\"225\" srcset=\"https:\/\/mieux-se-connaitre.com\/wp4\/wp-content\/uploads\/2017\/07\/capnord5-300x225.jpg 300w, https:\/\/mieux-se-connaitre.com\/wp4\/wp-content\/uploads\/2017\/07\/capnord5-150x113.jpg 150w, https:\/\/mieux-se-connaitre.com\/wp4\/wp-content\/uploads\/2017\/07\/capnord5.jpg 1024w, https:\/\/mieux-se-connaitre.com\/wp4\/wp-content\/uploads\/2017\/07\/capnord5-600x450.jpg 600w\" sizes=\"(max-width: 300px) 100vw, 300px\" \/><\/a><p id=\"caption-attachment-9853\" class=\"wp-caption-text\">Cap Nord &#8211; 1 h du matin<\/p><\/div>\n<h2 class=\"mceTemp\"><span style=\"color: #800000;\">Le climat et la latitude sont des composantes de la culture.<\/span><\/h2>\n<p>Comment les peuples qui vivent dans des pays g\u00e8rent-ils la nuit perp\u00e9tuelle l&#8217;hiver et le jour perp\u00e9tuel l&#8217;\u00e9t\u00e9, avec des intersaisons qui n&#8217;en sont pas vraiment. Ils font comme si le Soleil se levait et se couchait. Moi qui ne vit pas \u00e0 ces latitudes, j&#8217;ai bien \u00e9t\u00e9 incapable de scander le temps. Ces 17 jours polaires, de journ\u00e9e continue, ont \u00e9t\u00e9 une exp\u00e9rience intense, un bouleversement de la notion du temps.<\/p>\n<p>Les Norv\u00e9giens me disaient qu&#8217;il fallait que je revienne en hiver pour voir les aurores bor\u00e9ales&#8230;et avoir la d\u00e9prime comme vous, ai-je rajout\u00e9, et ne pas \u00eatre s\u00fbre d&#8217;en voir si le temps est couvert.<\/p>\n<div id=\"attachment_3747\" style=\"width: 310px\" class=\"wp-caption alignleft\"><a href=\"https:\/\/mieux-se-connaitre.com\/wp4\/wp-content\/uploads\/2011\/06\/auroreboreale.jpg\"><img aria-describedby=\"caption-attachment-3747\" loading=\"lazy\" class=\"size-medium wp-image-3747\" src=\"https:\/\/mieux-se-connaitre.com\/wp4\/wp-content\/uploads\/2011\/06\/auroreboreale-300x225.jpg\" alt=\"Aurore bor\u00e9ale\" width=\"300\" height=\"225\" srcset=\"https:\/\/mieux-se-connaitre.com\/wp4\/wp-content\/uploads\/2011\/06\/auroreboreale-300x225.jpg 300w, https:\/\/mieux-se-connaitre.com\/wp4\/wp-content\/uploads\/2011\/06\/auroreboreale-150x112.jpg 150w, https:\/\/mieux-se-connaitre.com\/wp4\/wp-content\/uploads\/2011\/06\/auroreboreale.jpg 640w\" sizes=\"(max-width: 300px) 100vw, 300px\" \/><\/a><p id=\"caption-attachment-3747\" class=\"wp-caption-text\">Aurore bor\u00e9ale<\/p><\/div>\n<p>Bref j&#8217;ai fait l&#8217;exp\u00e9rience du jour perp\u00e9tuel mais pas de la nuit perp\u00e9tuelle!<\/p>\n<p>J&#8217;ai v\u00e9cu un exp\u00e9rience aussi intense, mais pas due aux m\u00eames causes, en Chine, il y a fort longtemps. L&#8217;\u00e9chelle de temps chinoise n&#8217;est pas la n\u00f4tre. Le temps chinois est double: ils prennent leur temps comme s&#8217;ils vivaient \u00e0 l&#8217;\u00e9chelle de la civilisation pour soudain se mettre en action tr\u00e8s vite et tr\u00e8s pr\u00e9cis\u00e9ment.<\/p>\n<p>&nbsp;<\/p>\n<p>Bref, la journ\u00e9e perp\u00e9tuelle est une exp\u00e9rience de totale libert\u00e9, d&#8217;abolition du temps qui rythme la vie. On peut l&#8217;utiliser \u00e0 sa convenance, ce qui rend un peu fou.<\/p>\n<div id=\"attachment_9854\" style=\"width: 235px\" class=\"wp-caption alignleft\"><a href=\"https:\/\/mieux-se-connaitre.com\/wp4\/wp-content\/uploads\/2017\/07\/capnord12.jpg\"><img aria-describedby=\"caption-attachment-9854\" loading=\"lazy\" class=\"wp-image-9854 size-medium\" src=\"https:\/\/mieux-se-connaitre.com\/wp4\/wp-content\/uploads\/2017\/07\/capnord12-225x300.jpg\" alt=\"Mon ombre - 2 heures du matin\" width=\"225\" height=\"300\" srcset=\"https:\/\/mieux-se-connaitre.com\/wp4\/wp-content\/uploads\/2017\/07\/capnord12-225x300.jpg 225w, https:\/\/mieux-se-connaitre.com\/wp4\/wp-content\/uploads\/2017\/07\/capnord12-113x150.jpg 113w, https:\/\/mieux-se-connaitre.com\/wp4\/wp-content\/uploads\/2017\/07\/capnord12-768x1024.jpg 768w, https:\/\/mieux-se-connaitre.com\/wp4\/wp-content\/uploads\/2017\/07\/capnord12-600x800.jpg 600w, https:\/\/mieux-se-connaitre.com\/wp4\/wp-content\/uploads\/2017\/07\/capnord12-300x400.jpg 300w, https:\/\/mieux-se-connaitre.com\/wp4\/wp-content\/uploads\/2017\/07\/capnord12-749x999.jpg 749w, https:\/\/mieux-se-connaitre.com\/wp4\/wp-content\/uploads\/2017\/07\/capnord12.jpg 1024w\" sizes=\"(max-width: 225px) 100vw, 225px\" \/><\/a><p id=\"caption-attachment-9854\" class=\"wp-caption-text\">Mon ombre au Cap Nord &#8211; 2 heures du matin<\/p><\/div>\n<p>Pendant qu&#8217;on prend la photo <a href=\"https:\/\/mieux-se-connaitre.com\/wp4\/2017\/07\/soleil-de-minuit\/\">du soleil de minuit<\/a> qui \u00e9clipse tout l&#8217;environnement pas sa luminosit\u00e9, tout autour, la lumi\u00e8re est tr\u00e8s blanche et r\u00e9v\u00e8le les teintes de tout ce sur quoi elle se refl\u00e8te.<\/p>\n<div id=\"attachment_9857\" style=\"width: 310px\" class=\"wp-caption alignleft\"><a href=\"https:\/\/mieux-se-connaitre.com\/wp4\/wp-content\/uploads\/2017\/05\/Flackstad1.jpg\"><img aria-describedby=\"caption-attachment-9857\" loading=\"lazy\" class=\"size-medium wp-image-9857\" src=\"https:\/\/mieux-se-connaitre.com\/wp4\/wp-content\/uploads\/2017\/05\/Flackstad1-300x225.jpg\" alt=\"Sand\u00f6ya - minuit\" width=\"300\" height=\"225\" srcset=\"https:\/\/mieux-se-connaitre.com\/wp4\/wp-content\/uploads\/2017\/05\/Flackstad1-300x225.jpg 300w, https:\/\/mieux-se-connaitre.com\/wp4\/wp-content\/uploads\/2017\/05\/Flackstad1-150x113.jpg 150w, https:\/\/mieux-se-connaitre.com\/wp4\/wp-content\/uploads\/2017\/05\/Flackstad1.jpg 1024w, https:\/\/mieux-se-connaitre.com\/wp4\/wp-content\/uploads\/2017\/05\/Flackstad1-600x450.jpg 600w\" sizes=\"(max-width: 300px) 100vw, 300px\" \/><\/a><p id=\"caption-attachment-9857\" class=\"wp-caption-text\">Sand\u00f6ya &#8211; minuit<\/p><\/div>\n<div id=\"attachment_9858\" style=\"width: 310px\" class=\"wp-caption alignleft\"><a href=\"https:\/\/mieux-se-connaitre.com\/wp4\/wp-content\/uploads\/2017\/05\/sandoya21.jpg\"><img aria-describedby=\"caption-attachment-9858\" loading=\"lazy\" class=\"size-medium wp-image-9858\" src=\"https:\/\/mieux-se-connaitre.com\/wp4\/wp-content\/uploads\/2017\/05\/sandoya21-300x225.jpg\" alt=\"Sand\u00f6ya - une heure du matin\" width=\"300\" height=\"225\" srcset=\"https:\/\/mieux-se-connaitre.com\/wp4\/wp-content\/uploads\/2017\/05\/sandoya21-300x225.jpg 300w, https:\/\/mieux-se-connaitre.com\/wp4\/wp-content\/uploads\/2017\/05\/sandoya21-150x113.jpg 150w, https:\/\/mieux-se-connaitre.com\/wp4\/wp-content\/uploads\/2017\/05\/sandoya21.jpg 1024w, https:\/\/mieux-se-connaitre.com\/wp4\/wp-content\/uploads\/2017\/05\/sandoya21-600x450.jpg 600w\" sizes=\"(max-width: 300px) 100vw, 300px\" \/><\/a><p id=\"caption-attachment-9858\" class=\"wp-caption-text\">Sand\u00f6ya &#8211; une heure du matin<\/p><\/div>\n<div id=\"attachment_9859\" style=\"width: 235px\" class=\"wp-caption alignleft\"><a href=\"https:\/\/mieux-se-connaitre.com\/wp4\/wp-content\/uploads\/2017\/05\/seniaarchi12.jpg\"><img aria-describedby=\"caption-attachment-9859\" loading=\"lazy\" class=\"wp-image-9859 size-medium\" src=\"https:\/\/mieux-se-connaitre.com\/wp4\/wp-content\/uploads\/2017\/05\/seniaarchi12-225x300.jpg\" alt=\"point d'observation minuit - \u00eele de Senia\" width=\"225\" height=\"300\" srcset=\"https:\/\/mieux-se-connaitre.com\/wp4\/wp-content\/uploads\/2017\/05\/seniaarchi12-225x300.jpg 225w, https:\/\/mieux-se-connaitre.com\/wp4\/wp-content\/uploads\/2017\/05\/seniaarchi12-113x150.jpg 113w, https:\/\/mieux-se-connaitre.com\/wp4\/wp-content\/uploads\/2017\/05\/seniaarchi12-768x1024.jpg 768w, https:\/\/mieux-se-connaitre.com\/wp4\/wp-content\/uploads\/2017\/05\/seniaarchi12-600x800.jpg 600w, https:\/\/mieux-se-connaitre.com\/wp4\/wp-content\/uploads\/2017\/05\/seniaarchi12-300x400.jpg 300w, https:\/\/mieux-se-connaitre.com\/wp4\/wp-content\/uploads\/2017\/05\/seniaarchi12-749x999.jpg 749w, https:\/\/mieux-se-connaitre.com\/wp4\/wp-content\/uploads\/2017\/05\/seniaarchi12.jpg 1024w\" sizes=\"(max-width: 225px) 100vw, 225px\" \/><\/a><p id=\"caption-attachment-9859\" class=\"wp-caption-text\">point d&#8217;observation &#8211; \u00eele de Senia<\/p><\/div>\n<div id=\"attachment_9860\" style=\"width: 310px\" class=\"wp-caption alignleft\"><a href=\"https:\/\/mieux-se-connaitre.com\/wp4\/wp-content\/uploads\/2017\/05\/mukebu22.jpg\"><img aria-describedby=\"caption-attachment-9860\" loading=\"lazy\" class=\"size-medium wp-image-9860\" src=\"https:\/\/mieux-se-connaitre.com\/wp4\/wp-content\/uploads\/2017\/05\/mukebu22-300x225.jpg\" alt=\"Cairn au Munkebu - 2 heures du matin\" width=\"300\" height=\"225\" srcset=\"https:\/\/mieux-se-connaitre.com\/wp4\/wp-content\/uploads\/2017\/05\/mukebu22-300x225.jpg 300w, https:\/\/mieux-se-connaitre.com\/wp4\/wp-content\/uploads\/2017\/05\/mukebu22-150x113.jpg 150w, https:\/\/mieux-se-connaitre.com\/wp4\/wp-content\/uploads\/2017\/05\/mukebu22.jpg 1024w, https:\/\/mieux-se-connaitre.com\/wp4\/wp-content\/uploads\/2017\/05\/mukebu22-600x450.jpg 600w\" sizes=\"(max-width: 300px) 100vw, 300px\" \/><\/a><p id=\"caption-attachment-9860\" class=\"wp-caption-text\">Cairn au Munkebu &#8211; 2 heures du matin<\/p><\/div>\n<div id=\"attachment_9861\" style=\"width: 310px\" class=\"wp-caption alignleft\"><a href=\"https:\/\/mieux-se-connaitre.com\/wp4\/wp-content\/uploads\/2017\/05\/Nyksund3.jpg\"><img aria-describedby=\"caption-attachment-9861\" loading=\"lazy\" class=\"size-medium wp-image-9861\" src=\"https:\/\/mieux-se-connaitre.com\/wp4\/wp-content\/uploads\/2017\/05\/Nyksund3-300x225.jpg\" alt=\"Nyksund - minuit\" width=\"300\" height=\"225\" srcset=\"https:\/\/mieux-se-connaitre.com\/wp4\/wp-content\/uploads\/2017\/05\/Nyksund3-300x225.jpg 300w, https:\/\/mieux-se-connaitre.com\/wp4\/wp-content\/uploads\/2017\/05\/Nyksund3-150x113.jpg 150w, https:\/\/mieux-se-connaitre.com\/wp4\/wp-content\/uploads\/2017\/05\/Nyksund3.jpg 1024w, https:\/\/mieux-se-connaitre.com\/wp4\/wp-content\/uploads\/2017\/05\/Nyksund3-600x450.jpg 600w\" sizes=\"(max-width: 300px) 100vw, 300px\" \/><\/a><p id=\"caption-attachment-9861\" class=\"wp-caption-text\">Nyksund &#8211; minuit<\/p><\/div>\n<p>&nbsp;<\/p>\n<h3><span style=\"color: #800000;\">Supporteriez-vous de vivre dans des pays o\u00f9 le jour est sans fin, puis la nuit sans fin?<\/span><\/h3>\n<p>Il suffit de regarder des films Finlandais ou Norv\u00e9giens pour ressentir \u00e0 quel point on d\u00e9prime l&#8217;hiver et on devient fou l&#8217;\u00e9t\u00e9, \u00e0 vivre avec le jour perp\u00e9tuel (ou l&#8217;hiver au sud).<\/p>\n<p>D\u00e9j\u00e0 \u00e0 la latitude moyenne de la France de 46\u00b0 de latitude Nord, essayez de vous lever et de vous coucher avec le jour pendant la fin du mois de juin et observez les cons\u00e9quences.<\/p>\n<!-- google_ad_section_end -->","protected":false},"excerpt":{"rendered":"<!-- google_ad_section_start --><p>Le climat et la latitude sont des composantes de la culture. Comment les peuples qui vivent dans des pays g\u00e8rent-ils la nuit perp\u00e9tuelle l&#8217;hiver et le jour perp\u00e9tuel l&#8217;\u00e9t\u00e9, avec des intersaisons qui n&#8217;en sont pas vraiment. Ils font comme&hellip;<\/p>\n<p class=\"more-link-p\"><a class=\"more-link\" href=\"https:\/\/mieux-se-connaitre.com\/wp4\/2017\/05\/jour-polaire-ou-jour-sans-fin\/\">Suite &rarr;<\/a><\/p>\n<!-- google_ad_section_end -->","protected":false},"author":1,"featured_media":0,"comment_status":"open","ping_status":"open","sticky":false,"template":"","format":"standard","meta":[],"categories":[1,293],"tags":[],"_links":{"self":[{"href":"https:\/\/mieux-se-connaitre.com\/wp4\/wp-json\/wp\/v2\/posts\/9852"}],"collection":[{"href":"https:\/\/mieux-se-connaitre.com\/wp4\/wp-json\/wp\/v2\/posts"}],"about":[{"href":"https:\/\/mieux-se-connaitre.com\/wp4\/wp-json\/wp\/v2\/types\/post"}],"author":[{"embeddable":true,"href":"https:\/\/mieux-se-connaitre.com\/wp4\/wp-json\/wp\/v2\/users\/1"}],"replies":[{"embeddable":true,"href":"https:\/\/mieux-se-connaitre.com\/wp4\/wp-json\/wp\/v2\/comments?post=9852"}],"version-history":[{"count":4,"href":"https:\/\/mieux-se-connaitre.com\/wp4\/wp-json\/wp\/v2\/posts\/9852\/revisions"}],"predecessor-version":[{"id":13782,"href":"https:\/\/mieux-se-connaitre.com\/wp4\/wp-json\/wp\/v2\/posts\/9852\/revisions\/13782"}],"wp:attachment":[{"href":"https:\/\/mieux-se-connaitre.com\/wp4\/wp-json\/wp\/v2\/media?parent=9852"}],"wp:term":[{"taxonomy":"category","embeddable":true,"href":"https:\/\/mieux-se-connaitre.com\/wp4\/wp-json\/wp\/v2\/categories?post=9852"},{"taxonomy":"post_tag","embeddable":true,"href":"https:\/\/mieux-se-connaitre.com\/wp4\/wp-json\/wp\/v2\/tags?post=9852"}],"curies":[{"name":"wp","href":"https:\/\/api.w.org\/{rel}","templated":true}]}}